{"id":11987,"date":"2017-12-02T21:04:56","date_gmt":"2017-12-03T03:04:56","guid":{"rendered":"http:\/\/www.noticiashondurashn.com\/?p=11987"},"modified":"2017-12-03T10:14:35","modified_gmt":"2017-12-03T16:14:35","slug":"senor-presidente","status":"publish","type":"post","link":"http:\/\/www.noticiashondurashn.com\/?p=11987","title":{"rendered":"Se\u00f1or presidente"},"content":{"rendered":"<p><strong>Por Edmundo Orellana<\/strong><\/p>\n<p>La causa principal de lo que est\u00e1 aconteciendo en el pa\u00eds es su inconstitucional proyecto continuista que su terquedad est\u00e1 llevando a l\u00edmites que cualquier persona juiciosa habr\u00eda evitado por el peligro que entra\u00f1a.<\/p>\n<p>Lo que nace mal termina mal, Se\u00f1or Presidente. Su candidatura es producto de una violaci\u00f3n a la Constituci\u00f3n de la Rep\u00fablica, ejecutada con todos los agravantes. La prepar\u00f3 con tiempo, violando la Constituci\u00f3n cuantas veces fue necesario; sedujo a sus correligionarios y estimul\u00f3 los apetitos de los m\u00e1s venales adversarios para que le ayudasen en el nombramiento de un Fiscal que no se opusiese a ninguna acci\u00f3n a favor de su candidatura y de una Sala de lo Constitucional dispuesta a emitir sentencias \u201ca la carta\u201d y, posteriormente, de una Corte Suprema de Justicia complaciente, cuya Sala de lo Constitucional ratificase lo que sea necesario para asegurar su candidatura; y, adelant\u00f3 nombramientos en el TSE, para prevenir sorpresas electorales. Asegurado el sistema de justicia, procedi\u00f3 a dise\u00f1ar el modelo que le permitir\u00eda defender con las armas su candidatura, reprimiendo a los que protestasen y, a este efecto, cre\u00f3 la PMOP.<\/p>\n<p>Hasta aqu\u00ed, Se\u00f1or Presidente, la cuesti\u00f3n es de valores y principios, que poco o ning\u00fan peso tienen en el universo poblado de intereses personales, grupales y empresariales en el que usted habita. Sin embargo, lleg\u00f3 el momento en que la poblaci\u00f3n percibi\u00f3 que esa travesura suya, de imp\u00fadica esencia, pero sin efectos visibles, comenz\u00f3 a convertirse en un problema real, cuando se percat\u00f3 que el f\u00e9rreo control que usted ejerce sobre las instituciones estatales tiene efectos negativos en sus relaciones jur\u00eddicas, en sus vidas personales y hasta en su futuro.<\/p>\n<p>Se enteraron los hondure\u00f1os que ninguna instituci\u00f3n pod\u00eda poner l\u00edmites a sus abusos. Que el Congreso legislaba al ritmo de sus caprichos, incluida la oposici\u00f3n, sin atender sus reclamos; que el sistema de justicia no funciona cuando al Presidente no le conviene; y, que la polic\u00eda atiende lo que se enmarca dentro de las prioridades del Presidente.<\/p>\n<p>En este esquema, no solo los pobres, vulnerables en todos los sistemas, son las v\u00edctimas, ahondando m\u00e1s sus miserias, sino tambi\u00e9n los empresarios a quienes ha sometido a una persecuci\u00f3n fiscal indiscriminada, siendo los micro y peque\u00f1o empresarios las primeras bajas de esa guerra sin cuartel contra la inversi\u00f3n local, agravada con la sospecha de que, en lugar de incentivar la inversi\u00f3n en general, se est\u00e1 privilegiando un grupo de elusiva identidad con prop\u00f3sitos de sustituir, en algunos rubros, a los empresarios ya establecidos.<\/p>\n<blockquote class=\"twitter-tweet\" data-width=\"550\" data-dnt=\"true\">\n<p lang=\"es\" dir=\"ltr\">Se\u00f1ores del TSE: Hagan oficial el veredicto de las urnas. No provoquen al pueblo posponiendo ese momento ni ofendan su inteligencia esgrimiendo rid\u00edculas excusas. Uds se deben al soberano no al Presidente. No averg\u00fcencen m\u00e1s el pais.<\/p>\n<p>&mdash; Edmundo Orellana (@mundoorellana) <a href=\"https:\/\/twitter.com\/mundoorellana\/status\/935348874083995649?ref_src=twsrc%5Etfw\">November 28, 2017<\/a><\/p><\/blockquote>\n<p><script async src=\"https:\/\/platform.twitter.com\/widgets.js\" charset=\"utf-8\"><\/script><\/p>\n<p>La disposici\u00f3n de los recursos financieros con ausencia total de transparencia y en perjuicio de la buena administraci\u00f3n, amparado en la ley de secretos estatales, fuente de corrupci\u00f3n sin precedentes en nuestra historia, es una  disfunci\u00f3n m\u00e1s consecuencia de la concentraci\u00f3n de poder en sus manos. Ni siquiera los gobiernos m\u00e1s corruptos se atrevieron a apelar a este recurso.<\/p>\n<p>En seguridad, Se\u00f1or Presidente, contrario a lo que usted sostiene que hay m\u00e1s protecci\u00f3n para la ciudadan\u00eda, yo lo invito a que pregunte a cualquier ciudadano de a pie si se siente seguro en la calle.<\/p>\n<p><strong>Su inconstitucional proyecto continuista, Se\u00f1or Presidente, ha empeorado este panorama desolador que es Honduras<\/strong>, campeona de los \u00faltimos lugares en los ranking mundiales, provocando desconfianza absoluta en el TSE, envileciendo el proceso electoral y generando la percepci\u00f3n general de que los votos que \u00faltimamente se le han adjudicado son fraudulentos.<\/p>\n<p>Esa terquedad suya de retener el Poder, adem\u00e1s, est\u00e1 causando severos da\u00f1os a la econom\u00eda del pa\u00eds, por el vandalismo cuya responsabilidad, dice su gobierno, es de las turbas descontroladas y la Alianza de infiltrados del gobierno, en todo caso se percibe como una reacci\u00f3n de desahogo, brutal y censurable, por lo que el pueblo entiende es una deliberada y fraudulenta maquinaci\u00f3n para despojar de la victoria a su contendiente de la Alianza, y la represi\u00f3n desatada por su gobierno ya caus\u00f3 las primeras v\u00edctimas mortales en prometedores j\u00f3venes cuyo delito es participar en lo que creen es un atropello la dignidad de la naci\u00f3n.<\/p>\n<p>Se\u00f1or Presidente, la prueba de que usted. no es el mejor estadista y que su gobierno no es tan bueno como usted pregona, con el lema \u201clo bueno debe continuar\u201d, es que el pueblo no vot\u00f3 masivamente por usted y s\u00ed por sus diputados.<\/p>\n<p><strong>Su capricho de retener el Poder, Se\u00f1or Presidente, amenaza con destruir la econom\u00eda del pa\u00eds y provocar una masacre entre la poblaci\u00f3n desarmada<\/strong>. Lo banal y transitorio reclamando imponerse sobre lo fundamental y permanente.<\/p>\n<p>\u00bfC\u00f3mo quiere que lo recuerde la historia, Se\u00f1or Presidente, como a G\u00e1lvez o como a Car\u00edas Andino? Usted tiene la palabra. <\/p>\n","protected":false},"excerpt":{"rendered":"<p>Por Edmundo Orellana La causa principal de lo que est\u00e1 aconteciendo en el pa\u00eds es su inconstitucional proyecto continuista que<\/p>\n","protected":false},"author":1,"featured_media":11990,"comment_status":"open","ping_status":"open","sticky":false,"template":"","format":"standard","meta":[],"categories":[13,92],"tags":[57,3,16],"_links":{"self":[{"href":"http:\/\/www.noticiashondurashn.com\/index.php?rest_route=\/wp\/v2\/posts\/11987"}],"collection":[{"href":"http:\/\/www.noticiashondurashn.com\/index.php?rest_route=\/wp\/v2\/posts"}],"about":[{"href":"http:\/\/www.noticiashondurashn.com\/index.php?rest_route=\/wp\/v2\/types\/post"}],"author":[{"embeddable":true,"href":"http:\/\/www.noticiashondurashn.com\/index.php?rest_route=\/wp\/v2\/users\/1"}],"replies":[{"embeddable":true,"href":"http:\/\/www.noticiashondurashn.com\/index.php?rest_route=%2Fwp%2Fv2%2Fcomments&post=11987"}],"version-history":[{"count":4,"href":"http:\/\/www.noticiashondurashn.com\/index.php?rest_route=\/wp\/v2\/posts\/11987\/revisions"}],"predecessor-version":[{"id":11995,"href":"http:\/\/www.noticiashondurashn.com\/index.php?rest_route=\/wp\/v2\/posts\/11987\/revisions\/11995"}],"wp:featuredmedia":[{"embeddable":true,"href":"http:\/\/www.noticiashondurashn.com\/index.php?rest_route=\/wp\/v2\/media\/11990"}],"wp:attachment":[{"href":"http:\/\/www.noticiashondurashn.com\/index.php?rest_route=%2Fwp%2Fv2%2Fmedia&parent=11987"}],"wp:term":[{"taxonomy":"category","embeddable":true,"href":"http:\/\/www.noticiashondurashn.com\/index.php?rest_route=%2Fwp%2Fv2%2Fcategories&post=11987"},{"taxonomy":"post_tag","embeddable":true,"href":"http:\/\/www.noticiashondurashn.com\/index.php?rest_route=%2Fwp%2Fv2%2Ftags&post=11987"}],"curies":[{"name":"wp","href":"https:\/\/api.w.org\/{rel}","templated":true}]}}