{"id":11144,"date":"2017-09-13T22:56:08","date_gmt":"2017-09-14T04:56:08","guid":{"rendered":"http:\/\/www.noticiashondurashn.com\/?p=11144"},"modified":"2017-09-13T22:56:08","modified_gmt":"2017-09-14T04:56:08","slug":"anuncio-de-traslado-de-reos-de-sps-a-tela-rechazada-por-fuerzas-vivas","status":"publish","type":"post","link":"http:\/\/www.noticiashondurashn.com\/?p=11144","title":{"rendered":"Anuncio de traslado de reos de SPS a Tela rechazada por fuerzas vivas"},"content":{"rendered":"<p>Las fuerzas vivas de Tela, Atl\u00e1ntida se han pronunciado en contra de la pretendida intenci\u00f3n de trasladar al penal local internos de la penitenciaria de San Pedro Sula, debido a la vulnerabilidad que significa para el puerto, cuya principal actividad es el turismo.<\/p>\n<p>Entre los sectores que han elevado su voz de protesta se encuentra la Corporaci\u00f3n Municipal, el Consejo de Seguridad Ciudadana, la C\u00e1mara de Comercio, la C\u00e1mara de Turismo y Representantes de Pastorales Eclesi\u00e1sticas Penitenciaras, quienes este mi\u00e9rcoles se reunieron y dejaron sentada su en\u00e9rgica oposici\u00f3n.<\/p>\n<p>La Corporaci\u00f3n municial emiti\u00f3 un comunicado donde informa que ante \"la sensible noticia del traslado de 150 privados de libertad al Centro Penal de Tela, y conociendo, el nivel de vulnerabilidad, inestabilidad y falta de log\u00edstica que caracteriza los centros penales del pa\u00eds, y el de nuestro municipio es uno de ellos, el cual no re\u00fane los requisitos de infraestructura y seguridad para salvaguardar la vida de los privados de libertad que all\u00ed se albergan\", concluyen en la oposici\u00f3n rotunda.<\/p>\n<p>Argumentan que el Centro Penal de Tela actualmente tiene la capacidad de albergar 80 privados de libertad, sin embargo se cuenta 180 personas lo cual ya consideran fuera del alcance y al trasladar 150 m\u00e1s, \"esto se convertir\u00eda en hacinamiento\".<\/p>\n<p>\"Como M\u00e1xima Autoridad del Municipio en total desacuerdo con el traslado de estos 150 privados de Libertad a nuestro Centro Penal. Hacemos un llamado a la conciencia muy respetuosamente a las Autoridades Penitenciaras a nivel local, Regional y Nacional para que rectifiquen en la toma de este tipo de decisiones\", se\u00f1ala el comunicado.<\/p>\n<p>Agregan que cumplir\u00e1n con todas las Normas Jur\u00eddicas Legales que les amparan para evitar la continuidad de este proceso de traslado de privados de libertad al municipio, al tiempo que hicieron un llamado de alerta a la poblaci\u00f3n en general, para el apoyo en acciones posteriores.<\/p>\n<p>\"Reiteramos, no estamos de acuerdo y esperamos que rectifiquen y tomen sabias decisiones\", concluye el comunicado que es respaldado por las fuerzas vivas.<\/p>\n","protected":false},"excerpt":{"rendered":"<p>Las fuerzas vivas de Tela, Atl\u00e1ntida se han pronunciado en contra de la pretendida intenci\u00f3n de trasladar al penal local<\/p>\n","protected":false},"author":1,"featured_media":11149,"comment_status":"open","ping_status":"open","sticky":false,"template":"","format":"standard","meta":[],"categories":[13,14],"tags":[70,3,71,77],"_links":{"self":[{"href":"http:\/\/www.noticiashondurashn.com\/index.php?rest_route=\/wp\/v2\/posts\/11144"}],"collection":[{"href":"http:\/\/www.noticiashondurashn.com\/index.php?rest_route=\/wp\/v2\/posts"}],"about":[{"href":"http:\/\/www.noticiashondurashn.com\/index.php?rest_route=\/wp\/v2\/types\/post"}],"author":[{"embeddable":true,"href":"http:\/\/www.noticiashondurashn.com\/index.php?rest_route=\/wp\/v2\/users\/1"}],"replies":[{"embeddable":true,"href":"http:\/\/www.noticiashondurashn.com\/index.php?rest_route=%2Fwp%2Fv2%2Fcomments&post=11144"}],"version-history":[{"count":3,"href":"http:\/\/www.noticiashondurashn.com\/index.php?rest_route=\/wp\/v2\/posts\/11144\/revisions"}],"predecessor-version":[{"id":11150,"href":"http:\/\/www.noticiashondurashn.com\/index.php?rest_route=\/wp\/v2\/posts\/11144\/revisions\/11150"}],"wp:featuredmedia":[{"embeddable":true,"href":"http:\/\/www.noticiashondurashn.com\/index.php?rest_route=\/wp\/v2\/media\/11149"}],"wp:attachment":[{"href":"http:\/\/www.noticiashondurashn.com\/index.php?rest_route=%2Fwp%2Fv2%2Fmedia&parent=11144"}],"wp:term":[{"taxonomy":"category","embeddable":true,"href":"http:\/\/www.noticiashondurashn.com\/index.php?rest_route=%2Fwp%2Fv2%2Fcategories&post=11144"},{"taxonomy":"post_tag","embeddable":true,"href":"http:\/\/www.noticiashondurashn.com\/index.php?rest_route=%2Fwp%2Fv2%2Ftags&post=11144"}],"curies":[{"name":"wp","href":"https:\/\/api.w.org\/{rel}","templated":true}]}}