{"id":11078,"date":"2017-09-05T10:20:42","date_gmt":"2017-09-05T16:20:42","guid":{"rendered":"http:\/\/www.noticiashondurashn.com\/?p=11078"},"modified":"2017-09-05T10:20:42","modified_gmt":"2017-09-05T16:20:42","slug":"eliminado-el-daca-800-indocumentados-que-llegaron-siendo-ninos-a-eeuu-sin-proteccion","status":"publish","type":"post","link":"http:\/\/www.noticiashondurashn.com\/?p=11078","title":{"rendered":"Eliminado el DACA, 800 indocumentados que llegaron siendo ni\u00f1os a EEUU sin protecci\u00f3n"},"content":{"rendered":"<p>El fiscal general de Estados Unidos, Jeff Sessions, anunci\u00f3 este martes que el gobierno de Donald Trump va a poner fin a la Acci\u00f3n Diferida para los Llegados en la Infancia (DACA, por su sigla en ingl\u00e9s), un programa de Barack Obama que proteg\u00eda de la deportaci\u00f3n a miles de indocumentados.<\/p>\n<p>\"Estoy aqu\u00ed para anunciar que el programa DACA, promulgado por la Administraci\u00f3n de Obama, va a ser rescindido\", dijo Sessions en una comparecencia le\u00edda ante la prensa en Washington.<\/p>\n<p>Sessions justific\u00f3 la controvertida decisi\u00f3n para \"terminar el irrespeto al proceso legislativo del gobierno pasado\" y por considerar el decreto \"un ejercicio inconstitucional de autoridad por parte del Poder Ejecutivo\".<\/p>\n<p>\"Todas las pol\u00edticas migratorias deber\u00edan respetar a los ciudadanos estadounidenses y a los inmigrantes que est\u00e1n aqu\u00ed de forma legal\", agreg\u00f3 Sessions en una comparecencia le\u00edda desde Washington.<\/p>\n<p>DACA, orden ejecutiva firmada en octubre de 2012 por el presidente Barack Obama, protege de la deportaci\u00f3n a m\u00e1s de 750.000 j\u00f3venes indocumentados conocidos como \"dreamers\" (so\u00f1adores).<\/p>\n<p>La orden contempla \"diferir\" cualquier acci\u00f3n sobre el estatus migratorio por un periodo de dos a\u00f1os, con opci\u00f3n a renovar, a personas que llegaron ilegalmente al pa\u00eds cuando eran ni\u00f1os.<\/p>\n<p>El 78% de los beneficiarios de DACA son de nacionalidad mexicana y California es el estado del pa\u00eds con m\u00e1s inscritos en el programa.<\/p>\n<p>Adem\u00e1s de defensores de los inmigrantes, numerosos destacados l\u00edderes empresariales instaron al presidente Trump a mantener DACA, entre ellos los jefes de Apple, Facebook y Microsoft, argumentando el impacto negativo que tendr\u00eda su supresi\u00f3n para una econom\u00eda en virtual pleno empleo.<\/p>\n<p>El anuncio del fin de DACA fue recibido con protestas frente a la Casa Blanca.<br \/>\nEl anuncio de Sessions fue recibido con protestas en la Torre Trump de Nueva York y frente a la Casa Blanca en Washington.<br \/>\nPoner fin a DACA era una de las medidas antiinmigraci\u00f3n que hab\u00eda prometido el presidente Trump durante la campa\u00f1a electoral.<\/p>\n<p>El gobierno hab\u00eda recibido gran presi\u00f3n de sectores conservadores para que cumpla la promesa. De hecho, fiscales generales de nueve estados conservadores, encabezados por Texas, hab\u00edan amenazado con interponer una demanda si no derogaba el programa.<\/p>\n<p>Sessions considera DACA inconstitucional.<br \/>\nOtros medios informaron que el plan del presidente Trump era dar seis meses al Congreso para que encontrara una alternativa para los cientos de miles de beneficiarios, pero Sessions no ofreci\u00f3 detalles.<\/p>\n<p>S\u00ed dijo Sessions que el Departamento de Seguridad Nacional (DHS, por su sigla en ingl\u00e9s), conducir\u00e1 \"un cambio ordenado\" que sirva para \"crear un periodo de tiempo para que el Congreso act\u00fae, si as\u00ed lo deseare\".<\/p>\n<p>No tard\u00f3 en responder el presidente de la C\u00e1mara de Representantes, el tambi\u00e9n republicano Paul Ryan, quien dijo que espera que el Congreso y el Senado puedan encontrar consenso para dar con una soluci\u00f3n permanente para los m\u00e1s de 750.000 j\u00f3venes inmigrantes que perder\u00e1n los beneficios de DACA.<\/p>\n","protected":false},"excerpt":{"rendered":"<p>El fiscal general de Estados Unidos, Jeff Sessions, anunci\u00f3 este martes que el gobierno de Donald Trump va a poner<\/p>\n","protected":false},"author":1,"featured_media":11081,"comment_status":"open","ping_status":"open","sticky":false,"template":"","format":"standard","meta":[],"categories":[20,41],"tags":[56,32,3,21],"_links":{"self":[{"href":"http:\/\/www.noticiashondurashn.com\/index.php?rest_route=\/wp\/v2\/posts\/11078"}],"collection":[{"href":"http:\/\/www.noticiashondurashn.com\/index.php?rest_route=\/wp\/v2\/posts"}],"about":[{"href":"http:\/\/www.noticiashondurashn.com\/index.php?rest_route=\/wp\/v2\/types\/post"}],"author":[{"embeddable":true,"href":"http:\/\/www.noticiashondurashn.com\/index.php?rest_route=\/wp\/v2\/users\/1"}],"replies":[{"embeddable":true,"href":"http:\/\/www.noticiashondurashn.com\/index.php?rest_route=%2Fwp%2Fv2%2Fcomments&post=11078"}],"version-history":[{"count":2,"href":"http:\/\/www.noticiashondurashn.com\/index.php?rest_route=\/wp\/v2\/posts\/11078\/revisions"}],"predecessor-version":[{"id":11080,"href":"http:\/\/www.noticiashondurashn.com\/index.php?rest_route=\/wp\/v2\/posts\/11078\/revisions\/11080"}],"wp:featuredmedia":[{"embeddable":true,"href":"http:\/\/www.noticiashondurashn.com\/index.php?rest_route=\/wp\/v2\/media\/11081"}],"wp:attachment":[{"href":"http:\/\/www.noticiashondurashn.com\/index.php?rest_route=%2Fwp%2Fv2%2Fmedia&parent=11078"}],"wp:term":[{"taxonomy":"category","embeddable":true,"href":"http:\/\/www.noticiashondurashn.com\/index.php?rest_route=%2Fwp%2Fv2%2Fcategories&post=11078"},{"taxonomy":"post_tag","embeddable":true,"href":"http:\/\/www.noticiashondurashn.com\/index.php?rest_route=%2Fwp%2Fv2%2Ftags&post=11078"}],"curies":[{"name":"wp","href":"https:\/\/api.w.org\/{rel}","templated":true}]}}