{"id":10832,"date":"2017-08-13T12:38:41","date_gmt":"2017-08-13T18:38:41","guid":{"rendered":"http:\/\/www.noticiashondurashn.com\/?p=10832"},"modified":"2017-08-13T12:40:00","modified_gmt":"2017-08-13T18:40:00","slug":"cafe-hondureno-se-destaca-en-exposicion-en-asia","status":"publish","type":"post","link":"http:\/\/www.noticiashondurashn.com\/?p=10832","title":{"rendered":"Caf\u00e9 hondure\u00f1o se destaca en exposici\u00f3n en Asia"},"content":{"rendered":"<p>La calidad del caf\u00e9 hondure\u00f1o producido en diferentes regiones del pa\u00eds, fue mostrada en la Expo Astan\u00e1 2017, que se realiz\u00f3 en la capital de Kazajist\u00e1n y donde participan m\u00e1s de 137 pa\u00edses.<\/p>\n<p>Los asi\u00e1ticos pudieron disfrutar del caf\u00e9 hondure\u00f1o que en los \u00faltimos tiempos es muy bien aceptado por su rico aroma, textura y sabores ex\u00f3ticos, capaz de seducir los selectos y exigentes paladares del mercado internacional.<\/p>\n<p>Durante la exposici\u00f3n se record\u00f3  que en el pasado mes de junio el caf\u00e9 hondure\u00f1o gan\u00f3 el primer lugar en la subasta electr\u00f3nica de 2017 realizada en Jap\u00f3n, entre m\u00e1s de 90 tostadores e importadores internacionales, superando las expectativas y obteniendo los mejores precios en relaci\u00f3n a la oferta del resto de Centroam\u00e9rica.<\/p>\n<p>La demostraci\u00f3n se realiz\u00f3 en la Exposici\u00f3n Internacional bajo el lema \"Energ\u00eda del futuro\", con el objetivo principal de promulgar una transformaci\u00f3n del modelo energ\u00e9tico mundial basado cada vez m\u00e1s en las energ\u00edas renovables, que ayuden a reducir las emisiones de CO2 y la dependencia del petr\u00f3leo.<\/p>\n<p>El Comisionado de Honduras en Astan\u00e1 2017, Carlos Maradiaga, asegur\u00f3 que desde que comenz\u00f3 la feria a trav\u00e9s de Marca Honduras se realiza una serie de actividades para promover y destacar la importancia a nivel internacional del caf\u00e9 hondure\u00f1o, el que ha tenido una gran aceptaci\u00f3n entre los diferentes actores y visitantes del evento que llegan desde diferentes partes del mundo.<\/p>\n<p>\u201cEsta feria constituye una plataforma para promover y dar a conocer a nivel internacional la oferta exportable del caf\u00e9 hondure\u00f1o, permitiendo a los visitantes e invitados especiales conocer y degustar la excelente calidad del arom\u00e1tico\u201d, afirm\u00f3 Maradiaga.<\/p>\n<p>En cada exposici\u00f3n se explican las caracter\u00edsticas del grano por regi\u00f3n cafetalera, destacando la producci\u00f3n de las m\u00e1s variadas y ex\u00f3ticas especies del arom\u00e1tico grano que est\u00e1 rompiendo r\u00e9cord mundial.<\/p>\n<p>Adem\u00e1s, se destaca que Honduras ocupa el quinto lugar como exportador a nivel mundial, el tercero de Am\u00e9rica Latina y el primero de Centroam\u00e9rica.<\/p>\n<p>Por su aporte a la econom\u00eda del pa\u00eds, tambi\u00e9n se destaca que  el rubro cafetalero es de los sectores de mayor importancia, generando m\u00e1s de un mill\u00f3n de trabajos que producen cerca del 30 por ciento del PIB Agr\u00edcola.<\/p>\n","protected":false},"excerpt":{"rendered":"<p>La calidad del caf\u00e9 hondure\u00f1o producido en diferentes regiones del pa\u00eds, fue mostrada en la Expo Astan\u00e1 2017, que se<\/p>\n","protected":false},"author":1,"featured_media":10833,"comment_status":"open","ping_status":"open","sticky":false,"template":"","format":"standard","meta":[],"categories":[26,18],"tags":[78,68,3,85],"_links":{"self":[{"href":"http:\/\/www.noticiashondurashn.com\/index.php?rest_route=\/wp\/v2\/posts\/10832"}],"collection":[{"href":"http:\/\/www.noticiashondurashn.com\/index.php?rest_route=\/wp\/v2\/posts"}],"about":[{"href":"http:\/\/www.noticiashondurashn.com\/index.php?rest_route=\/wp\/v2\/types\/post"}],"author":[{"embeddable":true,"href":"http:\/\/www.noticiashondurashn.com\/index.php?rest_route=\/wp\/v2\/users\/1"}],"replies":[{"embeddable":true,"href":"http:\/\/www.noticiashondurashn.com\/index.php?rest_route=%2Fwp%2Fv2%2Fcomments&post=10832"}],"version-history":[{"count":3,"href":"http:\/\/www.noticiashondurashn.com\/index.php?rest_route=\/wp\/v2\/posts\/10832\/revisions"}],"predecessor-version":[{"id":10836,"href":"http:\/\/www.noticiashondurashn.com\/index.php?rest_route=\/wp\/v2\/posts\/10832\/revisions\/10836"}],"wp:featuredmedia":[{"embeddable":true,"href":"http:\/\/www.noticiashondurashn.com\/index.php?rest_route=\/wp\/v2\/media\/10833"}],"wp:attachment":[{"href":"http:\/\/www.noticiashondurashn.com\/index.php?rest_route=%2Fwp%2Fv2%2Fmedia&parent=10832"}],"wp:term":[{"taxonomy":"category","embeddable":true,"href":"http:\/\/www.noticiashondurashn.com\/index.php?rest_route=%2Fwp%2Fv2%2Fcategories&post=10832"},{"taxonomy":"post_tag","embeddable":true,"href":"http:\/\/www.noticiashondurashn.com\/index.php?rest_route=%2Fwp%2Fv2%2Ftags&post=10832"}],"curies":[{"name":"wp","href":"https:\/\/api.w.org\/{rel}","templated":true}]}}