{"id":10305,"date":"2017-05-20T22:39:15","date_gmt":"2017-05-21T04:39:15","guid":{"rendered":"http:\/\/www.noticiashondurashn.com\/?p=10305"},"modified":"2017-05-20T22:39:15","modified_gmt":"2017-05-21T04:39:15","slug":"el-principal-problema-que-enfrenta-el-periodista-en-honduras-es-la-autocensura-edmundo-orellana","status":"publish","type":"post","link":"http:\/\/www.noticiashondurashn.com\/?p=10305","title":{"rendered":"El principal problema que enfrenta el periodista en Honduras es la autocensura: Edmundo Orellana"},"content":{"rendered":"<p>Para el exfiscal y catedr\u00e1tico de la Universidad Nacional Aut\u00f3noma de Honduras (UNAH), Edmundo Orellana, el principal desaf\u00edo que debe enfrentar el periodismo en Honduras, tanto en la prensa escrita, como la radio y la televisi\u00f3n, es la b\u00fasqueda de la independencia del ejercicio de su profesi\u00f3n.<\/p>\n<p>El acad\u00e9mico lament\u00f3 que en la actualidad, en el pa\u00eds uno de los grandes problemas relacionados con la libertad de expresi\u00f3n es la autocensura, hecho que responde a que muy pocos medios de comunicaci\u00f3n pueden sobrevivir al margen de los contratos de publicidad, provenientes del gobierno, financiados con fondos del Estado.<\/p>\n<p>\u201cLea usted los editoriales de los medios de comunicaci\u00f3n, \u00bfqui\u00e9n les fija la agenda? es el Presidente con los temas que impone en el escenario pol\u00edtico. Ahorita todo el mundo se ha centrado en la edad punible, como el traslado de los presos a los 'pozos' y no vemos ning\u00fan medio que est\u00e9 abordando otros temas\u201d, se\u00f1al\u00f3 Orellana.<\/p>\n<p><strong>Medios independientes <\/strong>                                             <\/p>\n<p>Al consultarle cu\u00e1l deber\u00eda ser el papel de la prensa independiente en Honduras, Orellana hizo un fuerte llamado que deben evitar sesgarse, ya que hay muchos medios que suelen llamarse independientes por el hecho de enfrentarse al gobierno, sin embargo, algunos de ellos se ti\u00f1en con el color de un partido pol\u00edtico.<\/p>\n<p>\u201cDesde ese momento se descalifican porque son parte de la oposici\u00f3n pol\u00edtica, no son medios de comunicaci\u00f3n objetivos que tratan de informar u orientar a la poblaci\u00f3n en funci\u00f3n de lo que pasa con criterios imparciales, tienden a generar en la ciudadan\u00eda una perspectiva diferente a lo que el gobierno est\u00e1 queriendo imponer\u201d, se\u00f1al\u00f3 el exfiscal.<\/p>\n<p><strong>Papel de la academia<\/strong><\/p>\n<p>Desde la academia, resalt\u00f3 el catedr\u00e1tico, la Alma M\u00e1ter cumple con la preparaci\u00f3n acad\u00e9mica de los profesionales en esta \u00e1rea del conocimiento, tanto en lo cient\u00edfico, en el uso de las diferentes t\u00e9cnicas para que asuman su papel de comunicador en la sociedad, pero en el camino el mercado impone sus reglas.<\/p>\n<p>\u201cEl mercado laboral est\u00e1 en funci\u00f3n a la oferta, y la oferta son medios de comunicaci\u00f3n que son pagados con contratos de publicidad por el gobierno, los muchachos no tienen para d\u00f3nde ir, a m\u00ed me ha tocado brindar entrevistas donde el periodista me dice \u2013esta entrevista no va a pasar por lo que usted dice, mi medio no va a permitir que yo lo publique- eso le da la medida de c\u00f3mo est\u00e1 la prensa en Honduras\u201d, reiter\u00f3.<\/p>\n<p>Otro de los esfuerzos que debe hacer la academia, manifest\u00f3 el acad\u00e9mico, es que desde su interior, en su seno, debe promover la discusi\u00f3n sobre los temas nacionales y convertirse en una trinchera del periodismo para generar discusi\u00f3n a nivel nacional con un criterio que produzca opini\u00f3n.<\/p>\n<p>\u201cA lo que nosotros debemos aspirar es que la academia se torne un laboratorio cient\u00edfico de ideas, efervescencia de pensamiento nuevo, pero totalmente independiente, sin ninguna inclinaci\u00f3n hacia una posici\u00f3n u otra, sino aquella que el conocimiento cient\u00edfico sea capaz de generar\u201d, finaliz\u00f3 el exfiscal Edmundo Orellana. (Tomado denpresencia.unah.edu.hn)<\/p>\n","protected":false},"excerpt":{"rendered":"<p>Para el exfiscal y catedr\u00e1tico de la Universidad Nacional Aut\u00f3noma de Honduras (UNAH), Edmundo Orellana, el principal desaf\u00edo que debe<\/p>\n","protected":false},"author":1,"featured_media":10306,"comment_status":"open","ping_status":"open","sticky":false,"template":"","format":"standard","meta":[],"categories":[34,92],"tags":[54,3,76,35],"_links":{"self":[{"href":"http:\/\/www.noticiashondurashn.com\/index.php?rest_route=\/wp\/v2\/posts\/10305"}],"collection":[{"href":"http:\/\/www.noticiashondurashn.com\/index.php?rest_route=\/wp\/v2\/posts"}],"about":[{"href":"http:\/\/www.noticiashondurashn.com\/index.php?rest_route=\/wp\/v2\/types\/post"}],"author":[{"embeddable":true,"href":"http:\/\/www.noticiashondurashn.com\/index.php?rest_route=\/wp\/v2\/users\/1"}],"replies":[{"embeddable":true,"href":"http:\/\/www.noticiashondurashn.com\/index.php?rest_route=%2Fwp%2Fv2%2Fcomments&post=10305"}],"version-history":[{"count":1,"href":"http:\/\/www.noticiashondurashn.com\/index.php?rest_route=\/wp\/v2\/posts\/10305\/revisions"}],"predecessor-version":[{"id":10307,"href":"http:\/\/www.noticiashondurashn.com\/index.php?rest_route=\/wp\/v2\/posts\/10305\/revisions\/10307"}],"wp:featuredmedia":[{"embeddable":true,"href":"http:\/\/www.noticiashondurashn.com\/index.php?rest_route=\/wp\/v2\/media\/10306"}],"wp:attachment":[{"href":"http:\/\/www.noticiashondurashn.com\/index.php?rest_route=%2Fwp%2Fv2%2Fmedia&parent=10305"}],"wp:term":[{"taxonomy":"category","embeddable":true,"href":"http:\/\/www.noticiashondurashn.com\/index.php?rest_route=%2Fwp%2Fv2%2Fcategories&post=10305"},{"taxonomy":"post_tag","embeddable":true,"href":"http:\/\/www.noticiashondurashn.com\/index.php?rest_route=%2Fwp%2Fv2%2Ftags&post=10305"}],"curies":[{"name":"wp","href":"https:\/\/api.w.org\/{rel}","templated":true}]}}