{"id":10190,"date":"2017-05-03T10:43:51","date_gmt":"2017-05-03T16:43:51","guid":{"rendered":"http:\/\/www.noticiashondurashn.com\/?p=10190"},"modified":"2017-05-03T21:43:11","modified_gmt":"2017-05-04T03:43:11","slug":"oacnudh-los-medios-responsables-representan-un-instrumento-invaluable","status":"publish","type":"post","link":"http:\/\/www.noticiashondurashn.com\/?p=10190","title":{"rendered":"OACNUDH exige despenalizar la calumnia e injuria atribuidos a periodistas"},"content":{"rendered":"<p><strong>En el D\u00eda Mundial de la Libertad de Prensa, la Oficina del Alto Comisionado<br \/>\nresalta el rol clave de la prensa para fomentar la paz, la tolerancia y el di\u00e1logo<\/strong><\/p>\n<p>Como parte de la conmemoraci\u00f3n del D\u00eda Mundial de la Libre Expresi\u00f3n, la oficina del Alto Comisionado de las Naciones Unidas para los Derechos Humanos en Honduras (OACNUDH) pidi\u00f3 al gobierno garantizar a los comunicadores el poder ejercer su labor de una manera responsable y segura, sin limitar su derecho a la libertad de expresi\u00f3n y la diseminaci\u00f3n de informaci\u00f3n. <\/p>\n<p>La Oficina tambi\u00e9n insisti\u00f3 en reformar los Art\u00edculos 155 y 157 del C\u00f3digo Penal respecto a calumnias e injurias, as\u00ed como en reformar el Art\u00edculo 355 B respecto a la apolog\u00eda e incitaci\u00f3n de actos de terrorismo. <\/p>\n<p>La conmemoraci\u00f3n del 3 de Mayo es global por los derechos fundamentales a la libertad de expresi\u00f3n, la libertad de informaci\u00f3n y la libertad de prensa y las Naciones Unidas invita a que en el 2017, este d\u00eda se enfoque en la interrelaci\u00f3n entre la libertad de expresi\u00f3n, la justicia, la ley, la paz y la inclusi\u00f3n. <\/p>\n<p>La OACNUDH reconoce el rol y potencial de la prensa hondure\u00f1a para fomentar la paz y el di\u00e1logo social. \"Los medios de comunicaci\u00f3n objetivos y responsables representan un instrumento invaluable para promover el di\u00e1logo, evitar la generaci\u00f3n de conflictos y para que los ciudadanos tomen decisiones informadas, responsables y basadas en hechos, efectivamente disfrutando su derecho humano a participar en los asuntos p\u00fablicos\", destaca el comunicado emitido para conmemorar la fecha. <\/p>\n<p>En este sentido, considera imprescindible que los medios de comunicaci\u00f3n, de forma independiente y profesional, representen distintas voces con pluralismo, ejerciendo su funci\u00f3n cr\u00edtica de informaci\u00f3n y concientizaci\u00f3n, libre de riesgos y en seguridad. <\/p>\n<p>La OACNUDH celebra a los profesionales de la comunicaci\u00f3n que trabajan dentro de los est\u00e1ndares \u00e9ticos y profesionales del periodismo. \"Por su trabajo \u00e9tico y profesional, como ha destacado el Relator Especial de las Naciones Unidas sobre la promoci\u00f3n y protecci\u00f3n del derecho a la libertad de opini\u00f3n y de expresi\u00f3n, David Kaye, \u201cLos que ejercen periodismo se enfrentan a la censura, la criminalizaci\u00f3n, el acoso y, con demasiada frecuencia, los ataques f\u00edsicos y el asesinato. Los gobiernos deben actuar para garantizar la libertad de prensa, liberar a los periodistas detenidos y poner fin a la demonizaci\u00f3n p\u00fablica de los medios cr\u00edticos\u201d. <\/p>\n<p>La OACNUDH llama al Estado Hondure\u00f1o para que en el marco legal le garantice a los comunicadores el poder ejercer su labor de una manera responsable y segura, sin limitar su derecho a la libertad de expresi\u00f3n y la diseminaci\u00f3n de informaci\u00f3n, por lo que una vez m\u00e1s solicita reformar los Art\u00edculos 155 y 157 del C\u00f3digo Penal respecto a calumnias e injurias, y el Art\u00edculo 355 B respecto a la apolog\u00eda al terrorismo. <\/p>\n<p>Finalmente insta a los hondure\u00f1os a garantizar y respaldar el rol de los periodistas en la generaci\u00f3n y divulgaci\u00f3n de informaci\u00f3n, incluyendo su papel de veedur\u00eda social, dentro de un estado de democr\u00e1tico de derecho. <\/p>\n","protected":false},"excerpt":{"rendered":"<p>En el D\u00eda Mundial de la Libertad de Prensa, la Oficina del Alto Comisionado resalta el rol clave de la<\/p>\n","protected":false},"author":1,"featured_media":10191,"comment_status":"open","ping_status":"open","sticky":false,"template":"","format":"standard","meta":[],"categories":[88,34,13],"tags":[78,76,35],"_links":{"self":[{"href":"http:\/\/www.noticiashondurashn.com\/index.php?rest_route=\/wp\/v2\/posts\/10190"}],"collection":[{"href":"http:\/\/www.noticiashondurashn.com\/index.php?rest_route=\/wp\/v2\/posts"}],"about":[{"href":"http:\/\/www.noticiashondurashn.com\/index.php?rest_route=\/wp\/v2\/types\/post"}],"author":[{"embeddable":true,"href":"http:\/\/www.noticiashondurashn.com\/index.php?rest_route=\/wp\/v2\/users\/1"}],"replies":[{"embeddable":true,"href":"http:\/\/www.noticiashondurashn.com\/index.php?rest_route=%2Fwp%2Fv2%2Fcomments&post=10190"}],"version-history":[{"count":4,"href":"http:\/\/www.noticiashondurashn.com\/index.php?rest_route=\/wp\/v2\/posts\/10190\/revisions"}],"predecessor-version":[{"id":10206,"href":"http:\/\/www.noticiashondurashn.com\/index.php?rest_route=\/wp\/v2\/posts\/10190\/revisions\/10206"}],"wp:featuredmedia":[{"embeddable":true,"href":"http:\/\/www.noticiashondurashn.com\/index.php?rest_route=\/wp\/v2\/media\/10191"}],"wp:attachment":[{"href":"http:\/\/www.noticiashondurashn.com\/index.php?rest_route=%2Fwp%2Fv2%2Fmedia&parent=10190"}],"wp:term":[{"taxonomy":"category","embeddable":true,"href":"http:\/\/www.noticiashondurashn.com\/index.php?rest_route=%2Fwp%2Fv2%2Fcategories&post=10190"},{"taxonomy":"post_tag","embeddable":true,"href":"http:\/\/www.noticiashondurashn.com\/index.php?rest_route=%2Fwp%2Fv2%2Ftags&post=10190"}],"curies":[{"name":"wp","href":"https:\/\/api.w.org\/{rel}","templated":true}]}}