{"id":10073,"date":"2017-04-20T15:54:57","date_gmt":"2017-04-20T21:54:57","guid":{"rendered":"http:\/\/www.noticiashondurashn.com\/?p=10073"},"modified":"2017-04-20T15:54:57","modified_gmt":"2017-04-20T21:54:57","slug":"construiran-paso-a-desnivel-en-la-primera-calle","status":"publish","type":"post","link":"http:\/\/www.noticiashondurashn.com\/?p=10073","title":{"rendered":"Construir\u00e1n paso a desnivel en la primera calle"},"content":{"rendered":"<p>La Corporaci\u00f3n Municipal de San Pedro Sula aprob\u00f3 este jueves dos importantes proyectos de infraestructura en los cuales se realizar\u00e1 una inversi\u00f3n de m\u00e1s 100 millones de lempiras.<\/p>\n<p>El alcalde Armando Calidonio inform\u00f3 que se aprob\u00f3 los pliegos de condiciones para la licitaci\u00f3n del proyecto de construcci\u00f3n del paso desnivel en la intersecci\u00f3n de la primera calle sobre la Avenida Juan Pablo II o Avenida Circunvalaci\u00f3n, y en el que se invertir\u00e1 aproximadamente 80 millones de lempiras y que va a mejorar la circulaci\u00f3n vehicular y dar\u00e1 una salida r\u00e1pida a la ciudad.<\/p>\n<p>Tambi\u00e9n se adjudic\u00f3 el proyecto de construcci\u00f3n de un canal de aguas lluvias en el sector Lomas del Carmen que evitar\u00e1 inundaciones en esa zona de la ciudad y mejorar\u00e1 la calidad de vida de los pobladores y el cual est\u00e1 valorado en 25 millones de lempiras.<\/p>\n<p>El jefe edilicio manifest\u00f3 que el paso a desnivel en la primera calle \"pasar\u00e1 por debajo del paso a desnivel y la circunvalaci\u00f3n pasar\u00e1 por arriba de la primera calle y m\u00e1s adelante vamos a licitar el paso desnivel de la segunda calle la cual pasar\u00e1 por encima de la Avenida Circunvalaci\u00f3n, es como una trenza y en ese sentido son proyectos muy importantes que vienen en congruencia con la instalaci\u00f3n de los sem\u00e1foros inteligentes para que la vialidad y el tr\u00e1nsito sea m\u00e1s r\u00e1pido en la ciudad\u201d.<\/p>\n<p>Calidonio manifest\u00f3 que estos son proyectos que hace mucho tiempo tendr\u00edan que haber realizado y que poco a poco \u201cnos estamos poniendo al d\u00eda en tema de infraestructura vial\u201d.<\/p>\n<p>San Pedro Sula ha tenido un rezago en tema de infraestructura y la poblaci\u00f3n lo ha sentido, pero con los proyectos como los t\u00faneles, pasos desnivel, ampliaci\u00f3n de los bulevares, los intercambiadores les est\u00e1 dando un auge a lo que necesita la ciudad para poder ser m\u00e1s competitiva.<\/p>\n<p>El edil asever\u00f3 que todos los proyectos se ejecutan con fondos municipales ya que \u201cnosotros no estamos trabajando con ning\u00fan tipo de pr\u00e9stamo y el a\u00f1o pasado cerramos con una inversi\u00f3n de mil millones de lempiras y este a\u00f1o queremos cerrar con mil 200 millones de lempiras\u201d.<br \/>\nEl alcalde manifest\u00f3 durante la sesi\u00f3n tambi\u00e9n est\u00e1 la transferencia de la v\u00eda p\u00fablica en el intercambiador del Occidente a la Secretar\u00eda de Infraestructura y Servicios P\u00fablicos (Insep) y esta a su vez se la traspasa al consorcio Siglo 21, tras agregar que con esto se le est\u00e1 dando un impulso y una agilizaci\u00f3n para la construcci\u00f3n de estos intercambiadores.<\/p>\n<p>Adem\u00e1s en la sesi\u00f3n de aprob\u00f3 que la la Fundaci\u00f3n \u00d3palo, ser\u00e1n los beneficiarios de los fondos que se recauden de las actividades de la Feria Juniana.<\/p>\n<p>Tras la sesi\u00f3n n\u00famero 139, de inmediato los miembros de la Corporaci\u00f3n desarrollaron la sesi\u00f3n extraordinaria n\u00famero 140, donde se ratific\u00f3 el actas 139. <\/p>\n","protected":false},"excerpt":{"rendered":"<p>La Corporaci\u00f3n Municipal de San Pedro Sula aprob\u00f3 este jueves dos importantes proyectos de infraestructura en los cuales se realizar\u00e1<\/p>\n","protected":false},"author":1,"featured_media":10074,"comment_status":"open","ping_status":"open","sticky":false,"template":"","format":"standard","meta":[],"categories":[13,14],"tags":[78,69,5,77],"_links":{"self":[{"href":"http:\/\/www.noticiashondurashn.com\/index.php?rest_route=\/wp\/v2\/posts\/10073"}],"collection":[{"href":"http:\/\/www.noticiashondurashn.com\/index.php?rest_route=\/wp\/v2\/posts"}],"about":[{"href":"http:\/\/www.noticiashondurashn.com\/index.php?rest_route=\/wp\/v2\/types\/post"}],"author":[{"embeddable":true,"href":"http:\/\/www.noticiashondurashn.com\/index.php?rest_route=\/wp\/v2\/users\/1"}],"replies":[{"embeddable":true,"href":"http:\/\/www.noticiashondurashn.com\/index.php?rest_route=%2Fwp%2Fv2%2Fcomments&post=10073"}],"version-history":[{"count":1,"href":"http:\/\/www.noticiashondurashn.com\/index.php?rest_route=\/wp\/v2\/posts\/10073\/revisions"}],"predecessor-version":[{"id":10075,"href":"http:\/\/www.noticiashondurashn.com\/index.php?rest_route=\/wp\/v2\/posts\/10073\/revisions\/10075"}],"wp:featuredmedia":[{"embeddable":true,"href":"http:\/\/www.noticiashondurashn.com\/index.php?rest_route=\/wp\/v2\/media\/10074"}],"wp:attachment":[{"href":"http:\/\/www.noticiashondurashn.com\/index.php?rest_route=%2Fwp%2Fv2%2Fmedia&parent=10073"}],"wp:term":[{"taxonomy":"category","embeddable":true,"href":"http:\/\/www.noticiashondurashn.com\/index.php?rest_route=%2Fwp%2Fv2%2Fcategories&post=10073"},{"taxonomy":"post_tag","embeddable":true,"href":"http:\/\/www.noticiashondurashn.com\/index.php?rest_route=%2Fwp%2Fv2%2Ftags&post=10073"}],"curies":[{"name":"wp","href":"https:\/\/api.w.org\/{rel}","templated":true}]}}