{"id":10013,"date":"2017-04-13T22:01:51","date_gmt":"2017-04-14T04:01:51","guid":{"rendered":"http:\/\/www.noticiashondurashn.com\/?p=10013"},"modified":"2017-04-13T22:01:51","modified_gmt":"2017-04-14T04:01:51","slug":"privados-de-libertad-del-penal-sampedrano-celebran-el-jueves-santo","status":"publish","type":"post","link":"http:\/\/www.noticiashondurashn.com\/?p=10013","title":{"rendered":"Privados de libertad del penal sampedrano celebran el Jueves Santo"},"content":{"rendered":"<p><strong>En la actividad religiosa participaron voluntarios de la Pastoral Penitenciaria y el obispo, Monse\u00f1or \u00c1ngel Garachana lav\u00f3 los pies a doce reclusos recordando la acci\u00f3n de Jesucristo con sus disc\u00edpulos.<\/strong><\/p>\n<p>Como una muestra de humildad y de amor al pr\u00f3jimo, el obispo, Monse\u00f1or \u00c1ngel Garachana record\u00f3, este jueves, los actos del creador del Universo con el lavado de pies a doce privados de libertad, imitando a Jes\u00fas cuando lav\u00f3 los pies a sus disc\u00edpulos.<\/p>\n<p>El acto de reverencia se realiz\u00f3 durante la misa de Jueves Santo donde participaron unos 600 privados de libertad del Centro Penal de San Pedro Sula, previo al d\u00eda de la Crucifixi\u00f3n de Jes\u00fas de Nazareth.<\/p>\n<p>Durante la actividad religiosa, el representante de la Iglesia Cat\u00f3lica pidi\u00f3 a la poblaci\u00f3n carcelaria \u201cestar m\u00e1s cerca de Dios\u201d, y al mismo tiempo les dio un mensaje de paz y esperanza, conviviendo en armon\u00eda como hermanos e hijos de Cristo.<\/p>\n<p>En la actividad participaron las autoridades del centro penal, entre ellos el director teniente coronel Geovany Iraheta, los privados de libertad y hombres y mujeres voluntarios de la Pastoral Penitenciaria.<\/p>\n<p>Todos elevaron plegarias al Se\u00f1or para que en Honduras reine la paz, as\u00ed como al interior del centro penal en donde los encargados de la actividad pidieron a la poblaci\u00f3n carcelaria vivir en hermandad y armon\u00eda.<\/p>\n<p>El 8 de abril pasado se realiz\u00f3 en ese mismo penal una jornada de evangelizaci\u00f3n en la cual participaron l\u00edderes religiosos de las celdas de los diferentes m\u00f3dulos, as\u00ed como representantes de distintas iglesias de San Pedro Sula.<\/p>\n<p>En esa ocasi\u00f3n, el director del penal les dijo a los m\u00e1s de 600 privados de libertad que participaron en la jornada que en el centro penal \u201cno solo hay adversidad, tambi\u00e9n hay esperanza e un cambio y ese nace por medio de ustedes\u201d.<\/p>\n<p>Autoridades del Instituto Nacional Penitenciario (INP), ejecutan proyectos de rehabilitaci\u00f3n y reeducaci\u00f3n de los privados de libertad como parte de las reformas al Sistema Penitenciario impulsado por el presidente Juan Orlado Hern\u00e1ndez.<\/p>\n<p>El centro penal alberga a unos 2,400 privados de libertad, de los cuales muchos participan en acciones evangelizadoras y otros programas de rehabilitaci\u00f3n y reeducaci\u00f3n.<\/p>\n","protected":false},"excerpt":{"rendered":"<p>En la actividad religiosa participaron voluntarios de la Pastoral Penitenciaria y el obispo, Monse\u00f1or \u00c1ngel Garachana lav\u00f3 los pies a<\/p>\n","protected":false},"author":1,"featured_media":10014,"comment_status":"open","ping_status":"open","sticky":false,"template":"","format":"standard","meta":[],"categories":[13,14],"tags":[3,5,59,77],"_links":{"self":[{"href":"http:\/\/www.noticiashondurashn.com\/index.php?rest_route=\/wp\/v2\/posts\/10013"}],"collection":[{"href":"http:\/\/www.noticiashondurashn.com\/index.php?rest_route=\/wp\/v2\/posts"}],"about":[{"href":"http:\/\/www.noticiashondurashn.com\/index.php?rest_route=\/wp\/v2\/types\/post"}],"author":[{"embeddable":true,"href":"http:\/\/www.noticiashondurashn.com\/index.php?rest_route=\/wp\/v2\/users\/1"}],"replies":[{"embeddable":true,"href":"http:\/\/www.noticiashondurashn.com\/index.php?rest_route=%2Fwp%2Fv2%2Fcomments&post=10013"}],"version-history":[{"count":1,"href":"http:\/\/www.noticiashondurashn.com\/index.php?rest_route=\/wp\/v2\/posts\/10013\/revisions"}],"predecessor-version":[{"id":10015,"href":"http:\/\/www.noticiashondurashn.com\/index.php?rest_route=\/wp\/v2\/posts\/10013\/revisions\/10015"}],"wp:featuredmedia":[{"embeddable":true,"href":"http:\/\/www.noticiashondurashn.com\/index.php?rest_route=\/wp\/v2\/media\/10014"}],"wp:attachment":[{"href":"http:\/\/www.noticiashondurashn.com\/index.php?rest_route=%2Fwp%2Fv2%2Fmedia&parent=10013"}],"wp:term":[{"taxonomy":"category","embeddable":true,"href":"http:\/\/www.noticiashondurashn.com\/index.php?rest_route=%2Fwp%2Fv2%2Fcategories&post=10013"},{"taxonomy":"post_tag","embeddable":true,"href":"http:\/\/www.noticiashondurashn.com\/index.php?rest_route=%2Fwp%2Fv2%2Ftags&post=10013"}],"curies":[{"name":"wp","href":"https:\/\/api.w.org\/{rel}","templated":true}]}}