{"id":10002,"date":"2017-04-11T15:09:43","date_gmt":"2017-04-11T21:09:43","guid":{"rendered":"http:\/\/www.noticiashondurashn.com\/?p=10002"},"modified":"2017-04-11T15:09:43","modified_gmt":"2017-04-11T21:09:43","slug":"220-anos-de-presencia-garifuna-en-honduras","status":"publish","type":"post","link":"http:\/\/www.noticiashondurashn.com\/?p=10002","title":{"rendered":"220 a\u00f1os de presencia Gar\u00edfuna en Honduras"},"content":{"rendered":"<p>Entre conmemoraciones y debates sobre su actualidad social, la poblaci\u00f3n Gar\u00edfuna de Honduras arriba este mi\u00e9rcoles a 220 a\u00f1os de presencia en el pa\u00eds, desde que en 1797, un 12 de abril tocaran tierra en Punta Gorda, Roat\u00e1n, Islas de la Bah\u00eda, procedentes de San Vicente en las Antillas Menores.<\/p>\n<p>Seg\u00fan la historia los responsables de aqu\u00e9l destierro fue la Corona Brit\u00e1nica. En aquellos\u00a0a\u00f1os eran tiempos de agitaci\u00f3n cuando los pa\u00edses colonizadores se disputaban a las islas del Caribe. Los ingleses se quedaron con San Vicente y expulsaron a los gar\u00edfunas por ser una comunidad que no cedia a la esclavitud y tambi\u00e9n porque eran amigos de los franceses.<\/p>\n<p>El temor de los ingleses era que los gar\u00edfunas contagiaran al resto de la poblaci\u00f3n con sus \u00e1nimos libertarios e independencia. Fue as\u00ed que salieron con rumbo a Islas de la Bah\u00eda con escala en Jamaica.<\/p>\n<p>Este d\u00eda es de celebraci\u00f3n en todas las comunidades gar\u00edfunas. Mediante actos especiales reeditan la llegada hist\u00f3rica. Tambi\u00e9n hay jornadas deportivas, fiestas, foros, talleres y conferencias. Los pobladores se visten con coloridos trajes t\u00edpicos. Esta celebraci\u00f3n equivale al 15 de septiembre. <\/p>\n<p>Sin embargo, en la actualidad del pueblo gar\u00edfuna sigue clamando mayor atenci\u00f3n gubernamental. Pesa contra ellos una gran marginaci\u00f3n social y discriminaci\u00f3n racial.\u00a0 Hay una acentuada problem\u00e1tica en la tenencia de la tierra. Hay un despojo en sus tierras por parte de empresarios del turismos e invasores de oficio.<\/p>\n<p>Pese a vivir con una regi\u00f3n con belleza tur\u00edstica impresionante, carece de servicios de salud, educaci\u00f3n e infraestructura. <\/p>\n<p>Debido a la riqueza cultural que posee el pueblo gar\u00edfuna fue declarado por la UNESCO en el a\u00f1o 2001, como Patrimonio Cultural Intangible de la Humanidad. Los gar\u00edfunas son herederos de la cultura caribe, son una mezcla de arawako y negro africano.<\/p>\n<p>Los gar\u00edfunas son due\u00f1os de una cultura muy particular de la cual hay mucho que aprender, su cosmovisi\u00f3n de respeto por la vida, su actitud pac\u00edfica y su alegr\u00eda. En los \u00faltimos 40 a\u00f1os han tenido un crecimiento exponencial, de ser una sociedad de pescadores y agricultores, hoy est\u00e1n presentes en todas las actividades econ\u00f3micas.<\/p>\n<p>La generaci\u00f3n de empleo y la reactivaci\u00f3n econ\u00f3mica es una tarea pendiente, mientras tanto se depende de las remesas, especialmente de los Estados Unidos.<\/p>\n<p>La lengua gar\u00edfuna es una de las marcas distintivas de esta comunidad y proviene de grupo de lenguas arawakas que se hablaban en el Caribe. Su rasgo principal es que tiene dos formas; una para la mujer y otro para el hombre sin que esto afecte su comprensi\u00f3n.<\/p>\n","protected":false},"excerpt":{"rendered":"<p>Entre conmemoraciones y debates sobre su actualidad social, la poblaci\u00f3n Gar\u00edfuna de Honduras arriba este mi\u00e9rcoles a 220 a\u00f1os de<\/p>\n","protected":false},"author":1,"featured_media":10004,"comment_status":"open","ping_status":"open","sticky":false,"template":"","format":"standard","meta":[],"categories":[58,13],"tags":[3,85,59,77],"_links":{"self":[{"href":"http:\/\/www.noticiashondurashn.com\/index.php?rest_route=\/wp\/v2\/posts\/10002"}],"collection":[{"href":"http:\/\/www.noticiashondurashn.com\/index.php?rest_route=\/wp\/v2\/posts"}],"about":[{"href":"http:\/\/www.noticiashondurashn.com\/index.php?rest_route=\/wp\/v2\/types\/post"}],"author":[{"embeddable":true,"href":"http:\/\/www.noticiashondurashn.com\/index.php?rest_route=\/wp\/v2\/users\/1"}],"replies":[{"embeddable":true,"href":"http:\/\/www.noticiashondurashn.com\/index.php?rest_route=%2Fwp%2Fv2%2Fcomments&post=10002"}],"version-history":[{"count":1,"href":"http:\/\/www.noticiashondurashn.com\/index.php?rest_route=\/wp\/v2\/posts\/10002\/revisions"}],"predecessor-version":[{"id":10005,"href":"http:\/\/www.noticiashondurashn.com\/index.php?rest_route=\/wp\/v2\/posts\/10002\/revisions\/10005"}],"wp:featuredmedia":[{"embeddable":true,"href":"http:\/\/www.noticiashondurashn.com\/index.php?rest_route=\/wp\/v2\/media\/10004"}],"wp:attachment":[{"href":"http:\/\/www.noticiashondurashn.com\/index.php?rest_route=%2Fwp%2Fv2%2Fmedia&parent=10002"}],"wp:term":[{"taxonomy":"category","embeddable":true,"href":"http:\/\/www.noticiashondurashn.com\/index.php?rest_route=%2Fwp%2Fv2%2Fcategories&post=10002"},{"taxonomy":"post_tag","embeddable":true,"href":"http:\/\/www.noticiashondurashn.com\/index.php?rest_route=%2Fwp%2Fv2%2Ftags&post=10002"}],"curies":[{"name":"wp","href":"https:\/\/api.w.org\/{rel}","templated":true}]}}